{"id":1998,"date":"2026-04-27T08:30:00","date_gmt":"2026-04-27T06:30:00","guid":{"rendered":"https:\/\/www.ecgard.fr\/wpec\/?p=1998"},"modified":"2026-04-24T21:32:45","modified_gmt":"2026-04-24T19:32:45","slug":"mercredi-de-la-recherche","status":"publish","type":"post","link":"https:\/\/www.ecgard.fr\/wpec\/2026\/04\/27\/mercredi-de-la-recherche\/","title":{"rendered":"Mercredi de la Recherche"},"content":{"rendered":"\n<figure class=\"wp-block-image size-full\"><img loading=\"lazy\" decoding=\"async\" width=\"1024\" height=\"1024\" src=\"https:\/\/www.ecgard.fr\/wpec\/wp-content\/uploads\/2026\/04\/Sommeil-et-sante-mentale.webp\" alt=\"\" class=\"wp-image-1999\" srcset=\"https:\/\/www.ecgard.fr\/wpec\/wp-content\/uploads\/2026\/04\/Sommeil-et-sante-mentale.webp 1024w, https:\/\/www.ecgard.fr\/wpec\/wp-content\/uploads\/2026\/04\/Sommeil-et-sante-mentale-300x300.webp 300w, https:\/\/www.ecgard.fr\/wpec\/wp-content\/uploads\/2026\/04\/Sommeil-et-sante-mentale-150x150.webp 150w, https:\/\/www.ecgard.fr\/wpec\/wp-content\/uploads\/2026\/04\/Sommeil-et-sante-mentale-768x768.webp 768w, https:\/\/www.ecgard.fr\/wpec\/wp-content\/uploads\/2026\/04\/Sommeil-et-sante-mentale-900x900.webp 900w\" sizes=\"auto, (max-width: 1024px) 100vw, 1024px\" \/><\/figure>\n\n\n\n<p>L&rsquo;\u00e9quipe CARDIE de Poitiers organise le 5\u00e8me mercredi de la recherche le 29 avril 2026 de 14h \u00e0 15h30. <a href=\"https:\/\/inspe.univ-lyon1.fr\/recherche\/annuaire-des-chercheurs-ses\/stephanie-mazza\">St\u00e9phanie Mazza<\/a> et <a href=\"https:\/\/www.reseau-canope.fr\/conseil-scientifique-de-leducation-nationale-site-officiel\/decouvrir-le-csen\/membres-du-csen\/stephanie-mazza.html\">ICI<\/a> interviendra sur le th\u00e8me suivant : \u00ab\u00a0Le sommeil : des apprentissages \u00e0 la sant\u00e9 mentale, quelle place lui accorder \u00e0 l&rsquo;\u00e9cole ?\u00a0\u00bb<\/p>\n\n\n\n<p>Le lien de connexion est le suivant : <a href=\"https:\/\/lnkd.in\/euzGe3-t\">https:\/\/lnkd.in\/euzGe3-t<\/a><\/p>\n\n\n\n<p>Tous les Mercredis de la recherche sont enregistr\u00e9s et mis progressivement \u00e0 la disposition de tous sur le site acad\u00e9mique du&nbsp;CARDIE de Poitiers : <a href=\"https:\/\/lnkd.in\/eFcv7PVr\">https:\/\/lnkd.in\/eFcv7PVr<\/a><\/p>\n","protected":false},"excerpt":{"rendered":"<p>L&rsquo;\u00e9quipe CARDIE de Poitiers organise le 5\u00e8me mercredi de la recherche le 29 avril 2026 de 14h \u00e0 15h30. St\u00e9phanie Mazza et ICI interviendra sur le th\u00e8me suivant : \u00ab\u00a0Le sommeil : des apprentissages \u00e0 la sant\u00e9 mentale, quelle place lui accorder \u00e0 l&rsquo;\u00e9cole ?\u00a0\u00bb Le lien de connexion est le suivant [&#8230;]<\/p>\n","protected":false},"author":3,"featured_media":0,"comment_status":"closed","ping_status":"closed","sticky":false,"template":"","format":"standard","meta":{"footnotes":""},"categories":[8],"tags":[],"class_list":["post-1998","post","type-post","status-publish","format-standard","hentry","category-pedagogie"],"_links":{"self":[{"href":"https:\/\/www.ecgard.fr\/wpec\/wp-json\/wp\/v2\/posts\/1998","targetHints":{"allow":["GET"]}}],"collection":[{"href":"https:\/\/www.ecgard.fr\/wpec\/wp-json\/wp\/v2\/posts"}],"about":[{"href":"https:\/\/www.ecgard.fr\/wpec\/wp-json\/wp\/v2\/types\/post"}],"author":[{"embeddable":true,"href":"https:\/\/www.ecgard.fr\/wpec\/wp-json\/wp\/v2\/users\/3"}],"replies":[{"embeddable":true,"href":"https:\/\/www.ecgard.fr\/wpec\/wp-json\/wp\/v2\/comments?post=1998"}],"version-history":[{"count":3,"href":"https:\/\/www.ecgard.fr\/wpec\/wp-json\/wp\/v2\/posts\/1998\/revisions"}],"predecessor-version":[{"id":2002,"href":"https:\/\/www.ecgard.fr\/wpec\/wp-json\/wp\/v2\/posts\/1998\/revisions\/2002"}],"wp:attachment":[{"href":"https:\/\/www.ecgard.fr\/wpec\/wp-json\/wp\/v2\/media?parent=1998"}],"wp:term":[{"taxonomy":"category","embeddable":true,"href":"https:\/\/www.ecgard.fr\/wpec\/wp-json\/wp\/v2\/categories?post=1998"},{"taxonomy":"post_tag","embeddable":true,"href":"https:\/\/www.ecgard.fr\/wpec\/wp-json\/wp\/v2\/tags?post=1998"}],"curies":[{"name":"wp","href":"https:\/\/api.w.org\/{rel}","templated":true}]}}