{"id":2004,"date":"2026-04-27T15:54:30","date_gmt":"2026-04-27T13:54:30","guid":{"rendered":"https:\/\/www.ecgard.fr\/wpec\/?p=2004"},"modified":"2026-04-28T11:53:44","modified_gmt":"2026-04-28T09:53:44","slug":"service-civique-2026-2027-cest-parti","status":"publish","type":"post","link":"https:\/\/www.ecgard.fr\/wpec\/2026\/04\/27\/service-civique-2026-2027-cest-parti\/","title":{"rendered":"Service Civique 2026-2027 : C&rsquo;est parti !"},"content":{"rendered":"\n<figure class=\"wp-block-image size-large is-resized\"><img loading=\"lazy\" decoding=\"async\" width=\"1024\" height=\"576\" src=\"https:\/\/www.ecgard.fr\/wpec\/wp-content\/uploads\/2026\/04\/service-civique-1024x576.jpg\" alt=\"\" class=\"wp-image-2005\" style=\"width:787px;height:auto\" srcset=\"https:\/\/www.ecgard.fr\/wpec\/wp-content\/uploads\/2026\/04\/service-civique-1024x576.jpg 1024w, https:\/\/www.ecgard.fr\/wpec\/wp-content\/uploads\/2026\/04\/service-civique-300x169.jpg 300w, https:\/\/www.ecgard.fr\/wpec\/wp-content\/uploads\/2026\/04\/service-civique-768x432.jpg 768w, https:\/\/www.ecgard.fr\/wpec\/wp-content\/uploads\/2026\/04\/service-civique-1536x864.jpg 1536w, https:\/\/www.ecgard.fr\/wpec\/wp-content\/uploads\/2026\/04\/service-civique.jpg 1679w\" sizes=\"auto, (max-width: 1024px) 100vw, 1024px\" \/><\/figure>\n\n\n\n<p>Le Secr\u00e9tariat g\u00e9n\u00e9ral de l&rsquo;Enseignement catholique vient de lancer la campagne de recrutement pour l&rsquo;ann\u00e9e scolaire 2026-2027. C&rsquo;est l&rsquo;occasion pour nos \u00e9tablissements du Gard d&rsquo;accueillir un jeune volontaire de 18 \u00e0 25 ans (jusqu&rsquo;\u00e0 30 ans en cas de handicap) pour une mission d&rsquo;int\u00e9r\u00eat g\u00e9n\u00e9ral d&rsquo;une dur\u00e9e de 6 \u00e0 10 mois. Cette ann\u00e9e, 530 volontaires ont \u00e9t\u00e9 attribu\u00e9s \u00e0 l&rsquo;ensemble des \u00e9tablissements de l&rsquo;Enseignement catholique \u00e0 l&rsquo;\u00e9chelle nationale \u2014 les places sont donc limit\u00e9es, il convient de ne pas tarder.<br>Les missions peuvent couvrir des domaines vari\u00e9s : aide aux devoirs, projets citoyens avec les \u00e9l\u00e8ves, animations sportives\u2026 Une priorit\u00e9 sera accord\u00e9e cette ann\u00e9e aux missions en lien avec l&rsquo;environnement, labellis\u00e9es Service Civique \u00c9cologique. Les \u00e9tablissements souhaitant s&rsquo;inscrire dans cette dynamique sont invit\u00e9s \u00e0 consulter le r\u00e9f\u00e9rentiel d\u00e9di\u00e9, disponible en ligne.<br>Pour candidater, chaque \u00e9tablissement doit au pr\u00e9alable concevoir un projet d&rsquo;accueil, puis d\u00e9poser sa demande de mission sur la plateforme Armelle (service-civique.fnogec.org). Si vous d\u00e9couvrez le dispositif, un kit de d\u00e9couverte est disponible pour vous guider pas \u00e0 pas. L&rsquo;Udogec du Gard peut \u00e9galement vous accompagner dans votre d\u00e9marche.<br>Toutes les informations sont \u00e0 retrouver sur : <a href=\"http:\/\/enseignement-catholique.fr\/service-civique-cest-parti\">enseignement-catholique.fr\/service-civique-cest-parti<\/a><br><\/p>\n","protected":false},"excerpt":{"rendered":"<p>Le Secr\u00e9tariat g\u00e9n\u00e9ral de l&rsquo;Enseignement catholique vient de lancer la campagne de recrutement pour l&rsquo;ann\u00e9e scolaire 2026-2027. C&rsquo;est l&rsquo;occasion pour nos \u00e9tablissements du Gard d&rsquo;accueillir un jeune volontaire de 18 \u00e0 25 ans (jusqu&rsquo;\u00e0 30 ans en cas de handicap) pour une mission d&rsquo;int\u00e9r\u00eat g\u00e9n\u00e9ral d&rsquo;une dur\u00e9e de 6 \u00e0 10 mois. [&#8230;]<\/p>\n","protected":false},"author":4,"featured_media":0,"comment_status":"closed","ping_status":"closed","sticky":true,"template":"","format":"standard","meta":{"footnotes":""},"categories":[6],"tags":[],"class_list":["post-2004","post","type-post","status-publish","format-standard","hentry","category-institutionnel"],"_links":{"self":[{"href":"https:\/\/www.ecgard.fr\/wpec\/wp-json\/wp\/v2\/posts\/2004","targetHints":{"allow":["GET"]}}],"collection":[{"href":"https:\/\/www.ecgard.fr\/wpec\/wp-json\/wp\/v2\/posts"}],"about":[{"href":"https:\/\/www.ecgard.fr\/wpec\/wp-json\/wp\/v2\/types\/post"}],"author":[{"embeddable":true,"href":"https:\/\/www.ecgard.fr\/wpec\/wp-json\/wp\/v2\/users\/4"}],"replies":[{"embeddable":true,"href":"https:\/\/www.ecgard.fr\/wpec\/wp-json\/wp\/v2\/comments?post=2004"}],"version-history":[{"count":1,"href":"https:\/\/www.ecgard.fr\/wpec\/wp-json\/wp\/v2\/posts\/2004\/revisions"}],"predecessor-version":[{"id":2006,"href":"https:\/\/www.ecgard.fr\/wpec\/wp-json\/wp\/v2\/posts\/2004\/revisions\/2006"}],"wp:attachment":[{"href":"https:\/\/www.ecgard.fr\/wpec\/wp-json\/wp\/v2\/media?parent=2004"}],"wp:term":[{"taxonomy":"category","embeddable":true,"href":"https:\/\/www.ecgard.fr\/wpec\/wp-json\/wp\/v2\/categories?post=2004"},{"taxonomy":"post_tag","embeddable":true,"href":"https:\/\/www.ecgard.fr\/wpec\/wp-json\/wp\/v2\/tags?post=2004"}],"curies":[{"name":"wp","href":"https:\/\/api.w.org\/{rel}","templated":true}]}}