{"id":2008,"date":"2026-04-27T16:09:45","date_gmt":"2026-04-27T14:09:45","guid":{"rendered":"https:\/\/www.ecgard.fr\/wpec\/?p=2008"},"modified":"2026-04-27T16:10:42","modified_gmt":"2026-04-27T14:10:42","slug":"une-renaissance-pour-lensemble-scolaire-saint-joseph","status":"publish","type":"post","link":"https:\/\/www.ecgard.fr\/wpec\/2026\/04\/27\/une-renaissance-pour-lensemble-scolaire-saint-joseph\/","title":{"rendered":"Une renaissance pour l\u2019ensemble scolaire Saint-Joseph"},"content":{"rendered":"\n<figure class=\"wp-block-image size-large\"><img loading=\"lazy\" decoding=\"async\" width=\"1024\" height=\"768\" src=\"https:\/\/www.ecgard.fr\/wpec\/wp-content\/uploads\/2026\/04\/Saint-Ambroix-1024x768.jpg\" alt=\"\" class=\"wp-image-2009\" srcset=\"https:\/\/www.ecgard.fr\/wpec\/wp-content\/uploads\/2026\/04\/Saint-Ambroix-1024x768.jpg 1024w, https:\/\/www.ecgard.fr\/wpec\/wp-content\/uploads\/2026\/04\/Saint-Ambroix-300x225.jpg 300w, https:\/\/www.ecgard.fr\/wpec\/wp-content\/uploads\/2026\/04\/Saint-Ambroix-768x576.jpg 768w, https:\/\/www.ecgard.fr\/wpec\/wp-content\/uploads\/2026\/04\/Saint-Ambroix-1536x1152.jpg 1536w, https:\/\/www.ecgard.fr\/wpec\/wp-content\/uploads\/2026\/04\/Saint-Ambroix-1800x1350.jpg 1800w, https:\/\/www.ecgard.fr\/wpec\/wp-content\/uploads\/2026\/04\/Saint-Ambroix.jpg 2048w\" sizes=\"auto, (max-width: 1024px) 100vw, 1024px\" \/><\/figure>\n\n\n\n<p>En ce temps pascal, symbole de renouveau et d\u2019esp\u00e9rance, l\u2019ensemble scolaire Saint-Joseph a v\u00e9cu un moment particuli\u00e8rement fort, \u00e0 la fois spirituel et humain. \u00c0 l\u2019occasion du mardi de P\u00e2ques, la communaut\u00e9 \u00e9ducative s\u2019est rassembl\u00e9e pour c\u00e9l\u00e9brer la r\u00e9surrection du Christ, mais aussi une v\u00e9ritable renaissance pour l\u2019\u00e9tablissement.<\/p>\n\n\n\n<p>Quelques semaines plus t\u00f4t, le 24 mars, une annonce brutale venait bouleverser l\u2019\u00e9quilibre de la structure : la fermeture d\u00e9finitive du site regroupant l\u2019\u00e9cole et le coll\u00e8ge, ainsi que leur service de restauration, \u00e9tait prononc\u00e9e par les autorit\u00e9s locales. Une d\u00e9cision lourde de cons\u00e9quences pour les \u00e9l\u00e8ves, les familles et l\u2019ensemble des personnels.<\/p>\n\n\n\n<p>Face \u00e0 cette \u00e9preuve, une mobilisation exceptionnelle s\u2019est mise en place. Parents, \u00e9quipe \u00e9ducative, personnels de l\u2019OGEC, eleves du lyc\u00e9e Pasteur engag\u00e9s aux c\u00f4t\u00e9s de leur chef d\u2019\u00e9tablissement, d\u2019un professeur et d\u2019un personnel de service ont uni leurs forces dans un \u00e9lan de solidarit\u00e9 remarquable.<\/p>\n\n\n\n<p>Cet engagement collectif a permis ce que beaucoup consid\u00e8rent aujourd\u2019hui comme un v\u00e9ritable miracle : en un temps record, un nouvel \u00e9tablissement, enti\u00e8rement r\u00e9nov\u00e9 et pr\u00eat \u00e0 accueillir les \u00e9l\u00e8ves, a vu le jour. Toutes les classes ont pu y \u00eatre install\u00e9es, offrant ainsi des conditions d\u2019accueil en toute s\u00e9curit\u00e9 et adapt\u00e9es \u00e0 tous.<\/p>\n\n\n\n<p>Le mardi de P\u00e2ques a ainsi pris une dimension toute particuli\u00e8re. Apr\u00e8s la c\u00e9l\u00e9bration, le P\u00e8re Didier a b\u00e9ni les nouveaux locaux, marquant symboliquement le d\u00e9but de cette nouvelle \u00e9tape. Un moment convivial a r\u00e9uni l\u2019ensemble de la communaut\u00e9, scellant cette transition dans la joie et l\u2019esp\u00e9rance.<\/p>\n\n\n\n<p>Ce \u00ab Saint-Joseph new look \u00bb n\u2019est pas seulement un changement de lieu : il incarne la force du collectif, la pers\u00e9v\u00e9rance et la foi en l\u2019avenir. Il ouvre une nouvelle aventure pour les \u00e9coliers, les coll\u00e9giens, les \u00e9ducateurs et l\u2019ensemble des personnels.<\/p>\n\n\n\n<p>Plus que jamais, l\u2019ensemble scolaire Saint-Joseph regarde l\u2019avenir avec confiance.<\/p>\n","protected":false},"excerpt":{"rendered":"<p>En ce temps pascal, symbole de renouveau et d\u2019esp\u00e9rance, l\u2019ensemble scolaire Saint-Joseph a v\u00e9cu un moment particuli\u00e8rement fort, \u00e0 la fois spirituel et humain. \u00c0 l\u2019occasion du mardi de P\u00e2ques, la communaut\u00e9 \u00e9ducative s\u2019est rassembl\u00e9e pour c\u00e9l\u00e9brer la r\u00e9surrection du Christ, mais aussi une v\u00e9ritable renaissance pour l\u2019\u00e9tablissement. Quelques semaines plus t\u00f4t, [&#8230;]<\/p>\n","protected":false},"author":4,"featured_media":0,"comment_status":"closed","ping_status":"closed","sticky":false,"template":"","format":"standard","meta":{"footnotes":""},"categories":[7],"tags":[],"class_list":["post-2008","post","type-post","status-publish","format-standard","hentry","category-nouvelles-des-ecoles"],"_links":{"self":[{"href":"https:\/\/www.ecgard.fr\/wpec\/wp-json\/wp\/v2\/posts\/2008","targetHints":{"allow":["GET"]}}],"collection":[{"href":"https:\/\/www.ecgard.fr\/wpec\/wp-json\/wp\/v2\/posts"}],"about":[{"href":"https:\/\/www.ecgard.fr\/wpec\/wp-json\/wp\/v2\/types\/post"}],"author":[{"embeddable":true,"href":"https:\/\/www.ecgard.fr\/wpec\/wp-json\/wp\/v2\/users\/4"}],"replies":[{"embeddable":true,"href":"https:\/\/www.ecgard.fr\/wpec\/wp-json\/wp\/v2\/comments?post=2008"}],"version-history":[{"count":1,"href":"https:\/\/www.ecgard.fr\/wpec\/wp-json\/wp\/v2\/posts\/2008\/revisions"}],"predecessor-version":[{"id":2010,"href":"https:\/\/www.ecgard.fr\/wpec\/wp-json\/wp\/v2\/posts\/2008\/revisions\/2010"}],"wp:attachment":[{"href":"https:\/\/www.ecgard.fr\/wpec\/wp-json\/wp\/v2\/media?parent=2008"}],"wp:term":[{"taxonomy":"category","embeddable":true,"href":"https:\/\/www.ecgard.fr\/wpec\/wp-json\/wp\/v2\/categories?post=2008"},{"taxonomy":"post_tag","embeddable":true,"href":"https:\/\/www.ecgard.fr\/wpec\/wp-json\/wp\/v2\/tags?post=2008"}],"curies":[{"name":"wp","href":"https:\/\/api.w.org\/{rel}","templated":true}]}}