{"id":2011,"date":"2026-04-27T17:49:18","date_gmt":"2026-04-27T15:49:18","guid":{"rendered":"https:\/\/www.ecgard.fr\/wpec\/?p=2011"},"modified":"2026-04-28T14:40:37","modified_gmt":"2026-04-28T12:40:37","slug":"baptemes-dadultes-en-france-une-esperance-a-cultiver-un-defi-a-relever","status":"publish","type":"post","link":"https:\/\/www.ecgard.fr\/wpec\/2026\/04\/27\/baptemes-dadultes-en-france-une-esperance-a-cultiver-un-defi-a-relever\/","title":{"rendered":"Bapt\u00eames d&rsquo;adultes en France : Une esp\u00e9rance \u00e0 cultiver, un d\u00e9fi \u00e0 relever."},"content":{"rendered":"\n<figure class=\"wp-block-image size-large is-resized\"><img loading=\"lazy\" decoding=\"async\" width=\"1024\" height=\"505\" src=\"https:\/\/www.ecgard.fr\/wpec\/wp-content\/uploads\/2026\/04\/bapteme-adulte-1024x505.png\" alt=\"\" class=\"wp-image-2012\" style=\"width:790px;height:auto\" srcset=\"https:\/\/www.ecgard.fr\/wpec\/wp-content\/uploads\/2026\/04\/bapteme-adulte-1024x505.png 1024w, https:\/\/www.ecgard.fr\/wpec\/wp-content\/uploads\/2026\/04\/bapteme-adulte-300x148.png 300w, https:\/\/www.ecgard.fr\/wpec\/wp-content\/uploads\/2026\/04\/bapteme-adulte-768x378.png 768w, https:\/\/www.ecgard.fr\/wpec\/wp-content\/uploads\/2026\/04\/bapteme-adulte-1536x757.png 1536w, https:\/\/www.ecgard.fr\/wpec\/wp-content\/uploads\/2026\/04\/bapteme-adulte.png 1786w\" sizes=\"auto, (max-width: 1024px) 100vw, 1024px\" \/><\/figure>\n\n\n\n<p>Lors de la nuit de P\u00e2ques 2026 plus de 13&nbsp;000 adultes ont \u00e9t\u00e9 baptis\u00e9s, une hausse de 28&nbsp;% par rapport \u00e0 2025. En dix ans, le nombre de bapt\u00eames d\u2019adultes a plus que tripl\u00e9, passant de 4&nbsp;124 en 2016 \u00e0 13&nbsp;234 en 2026. En ajoutant les 8&nbsp;152 adolescents, c\u2019est un total de 21&nbsp;386 baptis\u00e9s, soit 20&nbsp;% de plus qu\u2019en 2025. Un chiffre qui surprend et fait r\u00e9agir.<\/p>\n\n\n\n<p>Qui sont ces nouveaux baptis\u00e9s ? 82 % d&rsquo;entre eux ont moins de 40 ans, les 18-25 ans \u00e9tant les plus nombreux (42 %). Les deux tiers sont des femmes. Choisissant la foi librement, souvent loin de toute tradition familiale, ces hommes et ces femmes sont d\u2019abord interpell\u00e9 par des exp\u00e9riences fortes&nbsp;: un tiers des cat\u00e9chum\u00e8nes affirment avoir v\u00e9cu une exp\u00e9rience spirituelle forte avant de demander le bapt\u00eame, et 40 % se sont mis en chemin \u00e0 la suite d&rsquo;une \u00e9preuve \u2014 maladie, deuil, fragilit\u00e9 existentielle.<\/p>\n\n\n\n<p>Attention toutefois aux exc\u00e8s d\u2019enthousiasme. N\u2019oublions pas que toutes ces belles histoires de vie sont loin de compenser la chute des bapt\u00eames des petits enfants : 380 000 en 2000 pour seulement 150 000 en 2024. En l&rsquo;an 2000, un b\u00e9b\u00e9 sur deux \u00e9tait baptis\u00e9 dans l&rsquo;Hexagone ; seulement un sur trois l&rsquo;est pr\u00e9sent\u00e9 \u00e0 l&rsquo;\u00c9glise en 2026. Les chiffres, aussi r\u00e9jouissants soient-ils, ne doivent pas occulter les fragilit\u00e9s r\u00e9elles de l&rsquo;\u00c9glise, ni les d\u00e9fis d&rsquo;int\u00e9gration des nouveaux baptis\u00e9s dans des communaut\u00e9s parfois peu pr\u00e9par\u00e9es \u00e0 les accueillir durablement. C\u2019est d\u2019ailleurs le grand d\u00e9fi pour notre \u00c9glise\u00a0: leur permettre de devenir des disciples, membres \u00e0 part enti\u00e8re de nos communaut\u00e9s paroissiales.<\/p>\n\n\n\n<p>Alors, comment tenir ensemble la joie et la lucidit\u00e9 ? Peut-\u00eatre en se souvenant que ce mouvement ne nous appartient pas, et nul, bien entendu, ne saurait en revendiquer la paternit\u00e9. Les graines ont \u00e9t\u00e9 sem\u00e9es par des amis, des proches, des t\u00e9moins discrets. Seulement 11 % des cat\u00e9chum\u00e8nes mentionnent des influenceurs chr\u00e9tiens comme d\u00e9clencheur alors que 34 % citent le t\u00e9moignage de proches. C&rsquo;est bien toujours l&rsquo;ordinaire de la vie \u2014 une parole sinc\u00e8re, un exemple v\u00e9cu \u2014 qui ouvre les c\u0153urs.<\/p>\n\n\n\n<p>Pour les chr\u00e9tiens engag\u00e9s dans la mission, ces chiffres sont une invitation \u00e0 continuer, humblement, \u00e0 rester fid\u00e8les : t\u00e9moigner, accompagner, accueillir. Car la croissance appartient \u00e0 Dieu. Nous ne sommes que les ouvriers dans une vigne qui n\u2019est pas la n\u00f4tre.<\/p>\n\n\n\n<p>Alain Novel<\/p>\n\n\n\n<p><em>(Les donn\u00e9es de l&rsquo;enqu\u00e8te du cat\u00e9chum\u00e9nat 2026 : <a href=\"https:\/\/catechese.catholique.fr\/actualites-initiatives\/actualites\/338428-enquete-du-catechumenat-2026-les-baptemes-adultes-et-adolescents-en-chiffres\/\">catechese.catholique.fr\/actualites-initiatives\/actualites\/338428-enquete-du-catechumenat-2026-les-baptemes-adultes-et-adolescents-en-chiffres\/<\/a>)<\/em><\/p>\n\n\n\n<p><\/p>\n","protected":false},"excerpt":{"rendered":"<p>Lors de la nuit de P\u00e2ques 2026 plus de 13&nbsp;000 adultes ont \u00e9t\u00e9 baptis\u00e9s, une hausse de 28&nbsp;% par rapport \u00e0 2025. En dix ans, le nombre de bapt\u00eames d\u2019adultes a plus que tripl\u00e9, passant de 4&nbsp;124 en 2016 \u00e0 13&nbsp;234 en 2026. En ajoutant les 8&nbsp;152 adolescents, c\u2019est un total de [&#8230;]<\/p>\n","protected":false},"author":4,"featured_media":0,"comment_status":"closed","ping_status":"closed","sticky":false,"template":"","format":"standard","meta":{"footnotes":""},"categories":[4],"tags":[28,23,29,32,31,30,33,34,35],"class_list":["post-2011","post","type-post","status-publish","format-standard","hentry","category-pastorale","tag-bapteme-dadultes","tag-baptemes-2026","tag-catechumenat","tag-conversion","tag-diocese-de-nimes","tag-eglise-catholique","tag-evangelisation","tag-paques-2026","tag-temoignage"],"_links":{"self":[{"href":"https:\/\/www.ecgard.fr\/wpec\/wp-json\/wp\/v2\/posts\/2011","targetHints":{"allow":["GET"]}}],"collection":[{"href":"https:\/\/www.ecgard.fr\/wpec\/wp-json\/wp\/v2\/posts"}],"about":[{"href":"https:\/\/www.ecgard.fr\/wpec\/wp-json\/wp\/v2\/types\/post"}],"author":[{"embeddable":true,"href":"https:\/\/www.ecgard.fr\/wpec\/wp-json\/wp\/v2\/users\/4"}],"replies":[{"embeddable":true,"href":"https:\/\/www.ecgard.fr\/wpec\/wp-json\/wp\/v2\/comments?post=2011"}],"version-history":[{"count":1,"href":"https:\/\/www.ecgard.fr\/wpec\/wp-json\/wp\/v2\/posts\/2011\/revisions"}],"predecessor-version":[{"id":2013,"href":"https:\/\/www.ecgard.fr\/wpec\/wp-json\/wp\/v2\/posts\/2011\/revisions\/2013"}],"wp:attachment":[{"href":"https:\/\/www.ecgard.fr\/wpec\/wp-json\/wp\/v2\/media?parent=2011"}],"wp:term":[{"taxonomy":"category","embeddable":true,"href":"https:\/\/www.ecgard.fr\/wpec\/wp-json\/wp\/v2\/categories?post=2011"},{"taxonomy":"post_tag","embeddable":true,"href":"https:\/\/www.ecgard.fr\/wpec\/wp-json\/wp\/v2\/tags?post=2011"}],"curies":[{"name":"wp","href":"https:\/\/api.w.org\/{rel}","templated":true}]}}